{"id":1855,"date":"2022-08-16T11:15:04","date_gmt":"2022-08-16T11:15:04","guid":{"rendered":"http:\/\/ampliaciohospitalmanacor.com\/?p=1855"},"modified":"2022-11-04T07:19:31","modified_gmt":"2022-11-04T07:19:31","slug":"el-govern-posa-la-primera-pedra-de-les-obres-dampliacio-delhospital","status":"publish","type":"post","link":"https:\/\/ampliaciohospitalmanacor.com\/es\/2022\/08\/16\/el-govern-posa-la-primera-pedra-de-les-obres-dampliacio-delhospital\/","title":{"rendered":"EL GOBIERNO PONE LA PRIMERA PIEDRA DE LAS OBRAS DE AMPLIACI\u00d3N DEL HOSPITAL"},"content":{"rendered":"\n<p>El proyecto tiene un presupuesto de 59 millones de euros y un plazo de ejecuci\u00f3n de cuatro a\u00f1os. Una vez finalizadas las obras, el centro hospitalario pasar\u00e1 a tener 53.445 m\u00b2.<\/p>\n\n\n\n<p>El Gobierno de las Islas Baleares, a trav\u00e9s del Servicio de Salud, ha iniciado las obras de ampliaci\u00f3n del Hospital de Manacor, que prev\u00e9n un nuevo edificio de uso ambulatorio y un nuevo bloque quir\u00fargico y obst\u00e9trico. Se trata de un paso m\u00e1s en el proyecto del Plan Director del Hospital, que cambiar\u00e1 la fisonom\u00eda del centro: una vez finalizadas las obras, el centro hospitalario pasar\u00e1 a tener 53.445 m\u00b2, m\u00e1s del doble de la superficie actual (24.531 m\u00b2). El proyecto tiene un presupuesto de 59 millones de euros y un plazo de ejecuci\u00f3n de cuatro a\u00f1os.<\/p>\n\n\n\n<p>Al acto han asistido la presidenta del Gobierno de las Islas Baleares, Francina Armengol; la consejera de Salud, Patricia G\u00f3mez; la directora del \u00e1rea de Coordinaci\u00f3n Administrativa del Servicio de Salud, Mar Rossell\u00f3; el subdirector de Atenci\u00f3n Hospitalaria y Salud Mental, Francesc Albert\u00ed, y el subdirector de Infraestructuras y Servicios Generales, Yago G\u00f3mez. el acto ha contado con la actuaci\u00f3n de los trabajadores del Hospital y \u00abxeremiers\u00bb, Eva Mestre i Robert Garcia.<\/p>\n\n\n\n<p>Durante el acto, la presidenta Francina Armengol ha definido el hospital como \u00abel sue\u00f1o de tantos y tantos ciudadanos que lo lucharon hace 25 a\u00f1os\u00bb y un centro \u00abque traslada y transpira humanidad desde los servicios sanitarios\u00bb. Tambi\u00e9n ha asegurado que, con las obras de ampliaci\u00f3n, se tendr\u00e1 \u00abun nuevo hospital\u00bb porque \u00abse dobla la superficie, pero tambi\u00e9n servicios y atenci\u00f3n sanitaria\u00bb.<\/p>\n\n\n\n<p>La presidenta del Gobierno ha reivindicado \u00abel compromiso y la voluntad\u00bb para hacer posible las obras de ampliaci\u00f3n, que, ha recordado, se han tramitado durante la pandemia: \u00aba pesar de tener la urgencia de la pandemia sanitaria el Gobierno no ha dejado de trabajar en aquello que es importante y al pensar en el presente y futuro de las personas\u00bb, ha dicho.<\/p>\n\n\n\n<p>Las obras, incluidas en el Plan Director del centro, beneficiar\u00e1n una poblaci\u00f3n de 150.000 personas y prev\u00e9n las tres grandes obras siguientes, de cerca de 40.000 m\u00b2:<\/p>\n\n\n\n<p>La construcci\u00f3n de un nuevo edificio, en forma de letra L y conectado con el actual Hospital, que ser\u00e1 principalmente de uso ambulatorio.<\/p>\n\n\n\n<p>La construcci\u00f3n de un edificio industrial, que se convertir\u00e1 en una central de instalaciones y servicios generales.<\/p>\n\n\n\n<p>Una gran reforma interior del actual edificio y la construcci\u00f3n de una nueva planta en que se meter\u00e1 el bloque quir\u00fargico y obst\u00e9trico.<\/p>\n\n\n\n<p>Las acciones se llevar\u00e1n a cabo simult\u00e1neamente: se har\u00e1n reformas a medida que se vayan liberando espacios. El proyecto se desarrollar\u00e1 de la manera siguiente:<\/p>\n\n\n\n<p>Nuevo edificio en forma de letra L (21.273 m\u00b2): es un edificio de nueva planta en forma de letra L, principalmente de uso ambulatorio, con dos s\u00f3tanos (para aparcamiento), planta baja y tres plantas.<\/p>\n\n\n\n<p>Dado que la mayor\u00eda de los pacientes son externos y no necesitan acceder a los servicios internos del Hospital, se plantea un edificio independiente, que evitar\u00e1 la circulaci\u00f3n innecesaria de personas por el interior de este. No obstante, por el hecho que s\u00ed que hay una parte de los pacientes que no son ambulatorios, se plantea la forma de letra L para facilitar la conexi\u00f3n con \u00e1reas internas del Hospital.<\/p>\n\n\n\n<p>El edificio dispondr\u00e1 de un aparcamiento s\u00f3tano con 280 plazas (planta -1 y -2), dos servicios de uso ambulatorio, hemodi\u00e1lisis y rehabilitaci\u00f3n (planta baja), consultas externas y gabinetes de exploraci\u00f3n (primera y segunda planta) y hospital de d\u00eda m\u00e9dico oncol\u00f3gico (tercera planta, que tendr\u00e1 una conexi\u00f3n directa con el hospital actual).<\/p>\n\n\n\n<p>Edificio industrial para servicios generales (2.765 m\u00b2): se construye una nave que contendr\u00e1 las centrales de las instalaciones, mantenimiento y servicios generales.<\/p>\n\n\n\n<p>Es un edificio de tipo industrial, casi todo de nueva planta, donde se instalan todos los equipos para adecuarlos en las normativas vigentes y aumentar la capacidad para dar servicio en las nuevas \u00e1reas. La cocina se ubicar\u00e1 a la planta baja. As\u00ed mismo, se renovar\u00e1n y se actualizar\u00e1n los equipos.<\/p>\n\n\n\n<p>Construcci\u00f3n de la nueva planta quir\u00fargica y reforma interior de espacios del edificio actual (14.226 m\u00b2: 4.586 de ampliaci\u00f3n y 9.640 de reforma): consiste principalmente en la reforma interior del actual Hospital y tambi\u00e9n en la construcci\u00f3n de una nueva planta en que se ampliar\u00e1 el bloque quir\u00fargico y obst\u00e9trico.<\/p>\n\n\n\n<p>Esta es la intervenci\u00f3n m\u00e1s compleja desde el punto de vista t\u00e9cnico, puesto que se tiene que hacer procurando interferir tan poco como se pueda en la actividad del centro hospitalario.<\/p>\n\n\n\n<p>A la planta primera se remodelar\u00e1 integralmente el bloque quir\u00fargico y obst\u00e9trico. Se transformar\u00e1 en cuatro salas de operaciones de cirug\u00eda mayor ambulatoria (CMA). As\u00ed pues, se dejar\u00e1n las de la planta tercera para cirug\u00eda programada.<\/p>\n\n\n\n<p>Junto al bloque de CMA se pondr\u00e1n boxes, el \u00e1rea de reanimaci\u00f3n y vestuarios de pacientes y \u00e1reas de recepci\u00f3n. Se ampl\u00eda tambi\u00e9n el bloque obst\u00e9trico y se ubica con buena conexi\u00f3n con el bloque quir\u00fargico.<\/p>\n\n\n\n<p>A la tercera planta \u2014de nueva construcci\u00f3n\u2014 se construir\u00e1 un nuevo bloque quir\u00fargico: dispondr\u00e1 de siete salas de operaciones, una unidad de reanimaci\u00f3n (REA), catorce camas y una unidad de cuidados intensivos (UCI) con doce boxes.<\/p>\n\n\n\n<p>Primera fase del plan director: resonancia magn\u00e9tica y reforma del Servicio de Urgencias<br>Hay que recordar que el marzo de 2019 empez\u00f3 a funcionar el equipo de resonancia magn\u00e9tica del Hospital de Manacor, en un recinto de 177 m\u00b2 de superficie a la zona ubicada junto al Servicio de Radiolog\u00eda. El Hospital adquiri\u00f3 un aparato de resonancia magn\u00e9tica con tecnolog\u00eda de fibra \u00f3ptica de \u00faltima generaci\u00f3n, y de m\u00e1s versatilidad cl\u00ednica para diagnosticar enfermedades de gran prevalencia.<\/p>\n\n\n\n<p>Hasta aquel momento, el Hospital de Manacor ten\u00eda que derivar todos los pacientes en otros centros hospitalarios. Esta actuaci\u00f3n ha tenido un presupuesto de 1,3 millones de euros.<\/p>\n\n\n\n<p>En mayo del mismo a\u00f1o entr\u00f3 en funcionamiento el nuevo Servicio de Urgencias del Hospital de Manacor, que consiste en la adaptaci\u00f3n del centro sanitario a las nuevas necesidades asistenciales de la poblaci\u00f3n y de los profesionales. Dispone de dos plantas de 500 m\u00b2 de superficie cada una. A la planta principal hay una nueva \u00e1rea de observaci\u00f3n, con diecis\u00e9is boxes y una \u00e1rea diferenciada para la atenci\u00f3n pedi\u00e1trica, con dos boxes de observaci\u00f3n y seis espacios para diferentes tratamientos. A la planta s\u00f3tano hay varias dependencias no asistenciales: sala de reuniones, despachos, vestuarios y el taller de electromedicina. Esta actuaci\u00f3n ha tenido un presupuesto de 2,5 millones de euros.<\/p>\n\n\n\n<p>El objetivo del plan director es convertir el Hospital de Manacor en un centro que se ajuste a los planteamientos hospitalarios actuales. Es importante destacar que el Sector Sanitario de Levante ha tenido un crecimiento desde la apertura del Hospital \u2014en 1997\u2014 de m\u00e1s de 30.000 habitantes. Ahora atiende un total de 150.000 tarjetas sanitarias. Esto hace necesario reformar y adaptar el centro a las circulaciones y tecnolog\u00edas actuales.<\/p>\n","protected":false},"excerpt":{"rendered":"<p>El proyecto tiene un presupuesto de 59 millones de euros y un plazo de ejecuci\u00f3n de cuatro a\u00f1os. Una vez finalizadas las obras, el centro hospitalario pasar\u00e1 a tener 53.445 m\u00b2. El Gobierno de las Islas Baleares, a trav\u00e9s del Servicio de Salud, ha iniciado las obras de ampliaci\u00f3n del Hospital de Manacor, que prev\u00e9n [&hellip;]<\/p>\n","protected":false},"author":1,"featured_media":1857,"comment_status":"open","ping_status":"open","sticky":false,"template":"","format":"standard","meta":{"_monsterinsights_skip_tracking":false,"_monsterinsights_sitenote_active":false,"_monsterinsights_sitenote_note":"","_monsterinsights_sitenote_category":0,"footnotes":""},"categories":[1],"tags":[],"class_list":["post-1855","post","type-post","status-publish","format-standard","has-post-thumbnail","hentry","category-sin-categorizar"],"yoast_head":"<!-- This site is optimized with the Yoast SEO plugin v27.3 - https:\/\/yoast.com\/product\/yoast-seo-wordpress\/ -->\n<title>EL GOBIERNO PONE LA PRIMERA PIEDRA DE LAS OBRAS DE AMPLIACI\u00d3N DEL HOSPITAL - Hospital Manacor<\/title>\n<meta name=\"robots\" content=\"index, follow, max-snippet:-1, max-image-preview:large, max-video-preview:-1\" \/>\n<link rel=\"canonical\" href=\"https:\/\/ampliaciohospitalmanacor.com\/es\/2022\/08\/16\/el-govern-posa-la-primera-pedra-de-les-obres-dampliacio-delhospital\/\" \/>\n<meta property=\"og:locale\" content=\"es_ES\" \/>\n<meta property=\"og:type\" content=\"article\" \/>\n<meta property=\"og:title\" content=\"EL GOBIERNO PONE LA PRIMERA PIEDRA DE LAS OBRAS DE AMPLIACI\u00d3N DEL HOSPITAL - Hospital Manacor\" \/>\n<meta property=\"og:description\" content=\"El proyecto tiene un presupuesto de 59 millones de euros y un plazo de ejecuci\u00f3n de cuatro a\u00f1os. Una vez finalizadas las obras, el centro hospitalario pasar\u00e1 a tener 53.445 m\u00b2. El Gobierno de las Islas Baleares, a trav\u00e9s del Servicio de Salud, ha iniciado las obras de ampliaci\u00f3n del Hospital de Manacor, que prev\u00e9n [&hellip;]\" \/>\n<meta property=\"og:url\" content=\"https:\/\/ampliaciohospitalmanacor.com\/es\/2022\/08\/16\/el-govern-posa-la-primera-pedra-de-les-obres-dampliacio-delhospital\/\" \/>\n<meta property=\"og:site_name\" content=\"Hospital Manacor\" \/>\n<meta property=\"article:published_time\" content=\"2022-08-16T11:15:04+00:00\" \/>\n<meta property=\"article:modified_time\" content=\"2022-11-04T07:19:31+00:00\" \/>\n<meta property=\"og:image\" content=\"https:\/\/ampliaciohospitalmanacor.com\/wp-content\/uploads\/2022\/08\/297651576_4982248155214056_8586721515470343928_n.jpg\" \/>\n\t<meta property=\"og:image:width\" content=\"2000\" \/>\n\t<meta property=\"og:image:height\" content=\"1500\" \/>\n\t<meta property=\"og:image:type\" content=\"image\/jpeg\" \/>\n<meta name=\"author\" content=\"admin\" \/>\n<meta name=\"twitter:card\" content=\"summary_large_image\" \/>\n<meta name=\"twitter:label1\" content=\"Escrito por\" \/>\n\t<meta name=\"twitter:data1\" content=\"admin\" \/>\n\t<meta name=\"twitter:label2\" content=\"Tiempo de lectura\" \/>\n\t<meta name=\"twitter:data2\" content=\"7 minutos\" \/>\n<script type=\"application\/ld+json\" class=\"yoast-schema-graph\">{\"@context\":\"https:\\\/\\\/schema.org\",\"@graph\":[{\"@type\":\"Article\",\"@id\":\"https:\\\/\\\/ampliaciohospitalmanacor.com\\\/es\\\/2022\\\/08\\\/16\\\/el-govern-posa-la-primera-pedra-de-les-obres-dampliacio-delhospital\\\/#article\",\"isPartOf\":{\"@id\":\"https:\\\/\\\/ampliaciohospitalmanacor.com\\\/es\\\/2022\\\/08\\\/16\\\/el-govern-posa-la-primera-pedra-de-les-obres-dampliacio-delhospital\\\/\"},\"author\":{\"name\":\"admin\",\"@id\":\"https:\\\/\\\/ampliaciohospitalmanacor.com\\\/#\\\/schema\\\/person\\\/c532bcfb39762ba7ca12d76c01ab67d2\"},\"headline\":\"EL GOBIERNO PONE LA PRIMERA PIEDRA DE LAS OBRAS DE AMPLIACI\u00d3N DEL HOSPITAL\",\"datePublished\":\"2022-08-16T11:15:04+00:00\",\"dateModified\":\"2022-11-04T07:19:31+00:00\",\"mainEntityOfPage\":{\"@id\":\"https:\\\/\\\/ampliaciohospitalmanacor.com\\\/es\\\/2022\\\/08\\\/16\\\/el-govern-posa-la-primera-pedra-de-les-obres-dampliacio-delhospital\\\/\"},\"wordCount\":1228,\"commentCount\":0,\"publisher\":{\"@id\":\"https:\\\/\\\/ampliaciohospitalmanacor.com\\\/#organization\"},\"image\":{\"@id\":\"https:\\\/\\\/ampliaciohospitalmanacor.com\\\/es\\\/2022\\\/08\\\/16\\\/el-govern-posa-la-primera-pedra-de-les-obres-dampliacio-delhospital\\\/#primaryimage\"},\"thumbnailUrl\":\"https:\\\/\\\/ampliacio-hospital-manacor.fra1.digitaloceanspaces.com\\\/wp-content\\\/uploads\\\/2022\\\/08\\\/297651576_4982248155214056_8586721515470343928_n.jpg\",\"articleSection\":[\"Sin categorizar\"],\"inLanguage\":\"es\",\"potentialAction\":[{\"@type\":\"CommentAction\",\"name\":\"Comment\",\"target\":[\"https:\\\/\\\/ampliaciohospitalmanacor.com\\\/es\\\/2022\\\/08\\\/16\\\/el-govern-posa-la-primera-pedra-de-les-obres-dampliacio-delhospital\\\/#respond\"]}]},{\"@type\":\"WebPage\",\"@id\":\"https:\\\/\\\/ampliaciohospitalmanacor.com\\\/es\\\/2022\\\/08\\\/16\\\/el-govern-posa-la-primera-pedra-de-les-obres-dampliacio-delhospital\\\/\",\"url\":\"https:\\\/\\\/ampliaciohospitalmanacor.com\\\/es\\\/2022\\\/08\\\/16\\\/el-govern-posa-la-primera-pedra-de-les-obres-dampliacio-delhospital\\\/\",\"name\":\"EL GOBIERNO PONE LA PRIMERA PIEDRA DE LAS OBRAS DE AMPLIACI\u00d3N DEL HOSPITAL - Hospital Manacor\",\"isPartOf\":{\"@id\":\"https:\\\/\\\/ampliaciohospitalmanacor.com\\\/#website\"},\"primaryImageOfPage\":{\"@id\":\"https:\\\/\\\/ampliaciohospitalmanacor.com\\\/es\\\/2022\\\/08\\\/16\\\/el-govern-posa-la-primera-pedra-de-les-obres-dampliacio-delhospital\\\/#primaryimage\"},\"image\":{\"@id\":\"https:\\\/\\\/ampliaciohospitalmanacor.com\\\/es\\\/2022\\\/08\\\/16\\\/el-govern-posa-la-primera-pedra-de-les-obres-dampliacio-delhospital\\\/#primaryimage\"},\"thumbnailUrl\":\"https:\\\/\\\/ampliacio-hospital-manacor.fra1.digitaloceanspaces.com\\\/wp-content\\\/uploads\\\/2022\\\/08\\\/297651576_4982248155214056_8586721515470343928_n.jpg\",\"datePublished\":\"2022-08-16T11:15:04+00:00\",\"dateModified\":\"2022-11-04T07:19:31+00:00\",\"breadcrumb\":{\"@id\":\"https:\\\/\\\/ampliaciohospitalmanacor.com\\\/es\\\/2022\\\/08\\\/16\\\/el-govern-posa-la-primera-pedra-de-les-obres-dampliacio-delhospital\\\/#breadcrumb\"},\"inLanguage\":\"es\",\"potentialAction\":[{\"@type\":\"ReadAction\",\"target\":[\"https:\\\/\\\/ampliaciohospitalmanacor.com\\\/es\\\/2022\\\/08\\\/16\\\/el-govern-posa-la-primera-pedra-de-les-obres-dampliacio-delhospital\\\/\"]}]},{\"@type\":\"ImageObject\",\"inLanguage\":\"es\",\"@id\":\"https:\\\/\\\/ampliaciohospitalmanacor.com\\\/es\\\/2022\\\/08\\\/16\\\/el-govern-posa-la-primera-pedra-de-les-obres-dampliacio-delhospital\\\/#primaryimage\",\"url\":\"https:\\\/\\\/ampliacio-hospital-manacor.fra1.digitaloceanspaces.com\\\/wp-content\\\/uploads\\\/2022\\\/08\\\/297651576_4982248155214056_8586721515470343928_n.jpg\",\"contentUrl\":\"https:\\\/\\\/ampliacio-hospital-manacor.fra1.digitaloceanspaces.com\\\/wp-content\\\/uploads\\\/2022\\\/08\\\/297651576_4982248155214056_8586721515470343928_n.jpg\",\"width\":2000,\"height\":1500},{\"@type\":\"BreadcrumbList\",\"@id\":\"https:\\\/\\\/ampliaciohospitalmanacor.com\\\/es\\\/2022\\\/08\\\/16\\\/el-govern-posa-la-primera-pedra-de-les-obres-dampliacio-delhospital\\\/#breadcrumb\",\"itemListElement\":[{\"@type\":\"ListItem\",\"position\":1,\"name\":\"Inici\",\"item\":\"https:\\\/\\\/ampliaciohospitalmanacor.com\\\/\"},{\"@type\":\"ListItem\",\"position\":2,\"name\":\"EL GOBIERNO PONE LA PRIMERA PIEDRA DE LAS OBRAS DE AMPLIACI\u00d3N DEL HOSPITAL\"}]},{\"@type\":\"WebSite\",\"@id\":\"https:\\\/\\\/ampliaciohospitalmanacor.com\\\/#website\",\"url\":\"https:\\\/\\\/ampliaciohospitalmanacor.com\\\/\",\"name\":\"Hospital Manacor\",\"description\":\"Otro sitio realizado con WordPress\",\"publisher\":{\"@id\":\"https:\\\/\\\/ampliaciohospitalmanacor.com\\\/#organization\"},\"potentialAction\":[{\"@type\":\"SearchAction\",\"target\":{\"@type\":\"EntryPoint\",\"urlTemplate\":\"https:\\\/\\\/ampliaciohospitalmanacor.com\\\/?s={search_term_string}\"},\"query-input\":{\"@type\":\"PropertyValueSpecification\",\"valueRequired\":true,\"valueName\":\"search_term_string\"}}],\"inLanguage\":\"es\"},{\"@type\":\"Organization\",\"@id\":\"https:\\\/\\\/ampliaciohospitalmanacor.com\\\/#organization\",\"name\":\"Hospital Manacor\",\"url\":\"https:\\\/\\\/ampliaciohospitalmanacor.com\\\/\",\"logo\":{\"@type\":\"ImageObject\",\"inLanguage\":\"es\",\"@id\":\"https:\\\/\\\/ampliaciohospitalmanacor.com\\\/#\\\/schema\\\/logo\\\/image\\\/\",\"url\":\"https:\\\/\\\/ampliacio-hospital-manacor.fra1.digitaloceanspaces.com\\\/wp-content\\\/uploads\\\/2022\\\/08\\\/logo-hospital-manacor.png\",\"contentUrl\":\"https:\\\/\\\/ampliacio-hospital-manacor.fra1.digitaloceanspaces.com\\\/wp-content\\\/uploads\\\/2022\\\/08\\\/logo-hospital-manacor.png\",\"width\":229,\"height\":57,\"caption\":\"Hospital Manacor\"},\"image\":{\"@id\":\"https:\\\/\\\/ampliaciohospitalmanacor.com\\\/#\\\/schema\\\/logo\\\/image\\\/\"}},{\"@type\":\"Person\",\"@id\":\"https:\\\/\\\/ampliaciohospitalmanacor.com\\\/#\\\/schema\\\/person\\\/c532bcfb39762ba7ca12d76c01ab67d2\",\"name\":\"admin\",\"image\":{\"@type\":\"ImageObject\",\"inLanguage\":\"es\",\"@id\":\"https:\\\/\\\/secure.gravatar.com\\\/avatar\\\/7f420c36c27802f08f56d92c14863baca90e32795bcfacf644d0abab83bd31b8?s=96&d=mm&r=g\",\"url\":\"https:\\\/\\\/secure.gravatar.com\\\/avatar\\\/7f420c36c27802f08f56d92c14863baca90e32795bcfacf644d0abab83bd31b8?s=96&d=mm&r=g\",\"contentUrl\":\"https:\\\/\\\/secure.gravatar.com\\\/avatar\\\/7f420c36c27802f08f56d92c14863baca90e32795bcfacf644d0abab83bd31b8?s=96&d=mm&r=g\",\"caption\":\"admin\"},\"sameAs\":[\"https:\\\/\\\/ampliaciohospitalmanacor.com\"],\"url\":\"https:\\\/\\\/ampliaciohospitalmanacor.com\\\/es\\\/author\\\/admin\\\/\"}]}<\/script>\n<!-- \/ Yoast SEO plugin. -->","yoast_head_json":{"title":"EL GOBIERNO PONE LA PRIMERA PIEDRA DE LAS OBRAS DE AMPLIACI\u00d3N DEL HOSPITAL - Hospital Manacor","robots":{"index":"index","follow":"follow","max-snippet":"max-snippet:-1","max-image-preview":"max-image-preview:large","max-video-preview":"max-video-preview:-1"},"canonical":"https:\/\/ampliaciohospitalmanacor.com\/es\/2022\/08\/16\/el-govern-posa-la-primera-pedra-de-les-obres-dampliacio-delhospital\/","og_locale":"es_ES","og_type":"article","og_title":"EL GOBIERNO PONE LA PRIMERA PIEDRA DE LAS OBRAS DE AMPLIACI\u00d3N DEL HOSPITAL - Hospital Manacor","og_description":"El proyecto tiene un presupuesto de 59 millones de euros y un plazo de ejecuci\u00f3n de cuatro a\u00f1os. Una vez finalizadas las obras, el centro hospitalario pasar\u00e1 a tener 53.445 m\u00b2. El Gobierno de las Islas Baleares, a trav\u00e9s del Servicio de Salud, ha iniciado las obras de ampliaci\u00f3n del Hospital de Manacor, que prev\u00e9n [&hellip;]","og_url":"https:\/\/ampliaciohospitalmanacor.com\/es\/2022\/08\/16\/el-govern-posa-la-primera-pedra-de-les-obres-dampliacio-delhospital\/","og_site_name":"Hospital Manacor","article_published_time":"2022-08-16T11:15:04+00:00","article_modified_time":"2022-11-04T07:19:31+00:00","og_image":[{"width":2000,"height":1500,"url":"https:\/\/ampliaciohospitalmanacor.com\/wp-content\/uploads\/2022\/08\/297651576_4982248155214056_8586721515470343928_n.jpg","type":"image\/jpeg"}],"author":"admin","twitter_card":"summary_large_image","twitter_misc":{"Escrito por":"admin","Tiempo de lectura":"7 minutos"},"schema":{"@context":"https:\/\/schema.org","@graph":[{"@type":"Article","@id":"https:\/\/ampliaciohospitalmanacor.com\/es\/2022\/08\/16\/el-govern-posa-la-primera-pedra-de-les-obres-dampliacio-delhospital\/#article","isPartOf":{"@id":"https:\/\/ampliaciohospitalmanacor.com\/es\/2022\/08\/16\/el-govern-posa-la-primera-pedra-de-les-obres-dampliacio-delhospital\/"},"author":{"name":"admin","@id":"https:\/\/ampliaciohospitalmanacor.com\/#\/schema\/person\/c532bcfb39762ba7ca12d76c01ab67d2"},"headline":"EL GOBIERNO PONE LA PRIMERA PIEDRA DE LAS OBRAS DE AMPLIACI\u00d3N DEL HOSPITAL","datePublished":"2022-08-16T11:15:04+00:00","dateModified":"2022-11-04T07:19:31+00:00","mainEntityOfPage":{"@id":"https:\/\/ampliaciohospitalmanacor.com\/es\/2022\/08\/16\/el-govern-posa-la-primera-pedra-de-les-obres-dampliacio-delhospital\/"},"wordCount":1228,"commentCount":0,"publisher":{"@id":"https:\/\/ampliaciohospitalmanacor.com\/#organization"},"image":{"@id":"https:\/\/ampliaciohospitalmanacor.com\/es\/2022\/08\/16\/el-govern-posa-la-primera-pedra-de-les-obres-dampliacio-delhospital\/#primaryimage"},"thumbnailUrl":"https:\/\/ampliacio-hospital-manacor.fra1.digitaloceanspaces.com\/wp-content\/uploads\/2022\/08\/297651576_4982248155214056_8586721515470343928_n.jpg","articleSection":["Sin categorizar"],"inLanguage":"es","potentialAction":[{"@type":"CommentAction","name":"Comment","target":["https:\/\/ampliaciohospitalmanacor.com\/es\/2022\/08\/16\/el-govern-posa-la-primera-pedra-de-les-obres-dampliacio-delhospital\/#respond"]}]},{"@type":"WebPage","@id":"https:\/\/ampliaciohospitalmanacor.com\/es\/2022\/08\/16\/el-govern-posa-la-primera-pedra-de-les-obres-dampliacio-delhospital\/","url":"https:\/\/ampliaciohospitalmanacor.com\/es\/2022\/08\/16\/el-govern-posa-la-primera-pedra-de-les-obres-dampliacio-delhospital\/","name":"EL GOBIERNO PONE LA PRIMERA PIEDRA DE LAS OBRAS DE AMPLIACI\u00d3N DEL HOSPITAL - Hospital Manacor","isPartOf":{"@id":"https:\/\/ampliaciohospitalmanacor.com\/#website"},"primaryImageOfPage":{"@id":"https:\/\/ampliaciohospitalmanacor.com\/es\/2022\/08\/16\/el-govern-posa-la-primera-pedra-de-les-obres-dampliacio-delhospital\/#primaryimage"},"image":{"@id":"https:\/\/ampliaciohospitalmanacor.com\/es\/2022\/08\/16\/el-govern-posa-la-primera-pedra-de-les-obres-dampliacio-delhospital\/#primaryimage"},"thumbnailUrl":"https:\/\/ampliacio-hospital-manacor.fra1.digitaloceanspaces.com\/wp-content\/uploads\/2022\/08\/297651576_4982248155214056_8586721515470343928_n.jpg","datePublished":"2022-08-16T11:15:04+00:00","dateModified":"2022-11-04T07:19:31+00:00","breadcrumb":{"@id":"https:\/\/ampliaciohospitalmanacor.com\/es\/2022\/08\/16\/el-govern-posa-la-primera-pedra-de-les-obres-dampliacio-delhospital\/#breadcrumb"},"inLanguage":"es","potentialAction":[{"@type":"ReadAction","target":["https:\/\/ampliaciohospitalmanacor.com\/es\/2022\/08\/16\/el-govern-posa-la-primera-pedra-de-les-obres-dampliacio-delhospital\/"]}]},{"@type":"ImageObject","inLanguage":"es","@id":"https:\/\/ampliaciohospitalmanacor.com\/es\/2022\/08\/16\/el-govern-posa-la-primera-pedra-de-les-obres-dampliacio-delhospital\/#primaryimage","url":"https:\/\/ampliacio-hospital-manacor.fra1.digitaloceanspaces.com\/wp-content\/uploads\/2022\/08\/297651576_4982248155214056_8586721515470343928_n.jpg","contentUrl":"https:\/\/ampliacio-hospital-manacor.fra1.digitaloceanspaces.com\/wp-content\/uploads\/2022\/08\/297651576_4982248155214056_8586721515470343928_n.jpg","width":2000,"height":1500},{"@type":"BreadcrumbList","@id":"https:\/\/ampliaciohospitalmanacor.com\/es\/2022\/08\/16\/el-govern-posa-la-primera-pedra-de-les-obres-dampliacio-delhospital\/#breadcrumb","itemListElement":[{"@type":"ListItem","position":1,"name":"Inici","item":"https:\/\/ampliaciohospitalmanacor.com\/"},{"@type":"ListItem","position":2,"name":"EL GOBIERNO PONE LA PRIMERA PIEDRA DE LAS OBRAS DE AMPLIACI\u00d3N DEL HOSPITAL"}]},{"@type":"WebSite","@id":"https:\/\/ampliaciohospitalmanacor.com\/#website","url":"https:\/\/ampliaciohospitalmanacor.com\/","name":"Hospital Manacor","description":"Otro sitio realizado con WordPress","publisher":{"@id":"https:\/\/ampliaciohospitalmanacor.com\/#organization"},"potentialAction":[{"@type":"SearchAction","target":{"@type":"EntryPoint","urlTemplate":"https:\/\/ampliaciohospitalmanacor.com\/?s={search_term_string}"},"query-input":{"@type":"PropertyValueSpecification","valueRequired":true,"valueName":"search_term_string"}}],"inLanguage":"es"},{"@type":"Organization","@id":"https:\/\/ampliaciohospitalmanacor.com\/#organization","name":"Hospital Manacor","url":"https:\/\/ampliaciohospitalmanacor.com\/","logo":{"@type":"ImageObject","inLanguage":"es","@id":"https:\/\/ampliaciohospitalmanacor.com\/#\/schema\/logo\/image\/","url":"https:\/\/ampliacio-hospital-manacor.fra1.digitaloceanspaces.com\/wp-content\/uploads\/2022\/08\/logo-hospital-manacor.png","contentUrl":"https:\/\/ampliacio-hospital-manacor.fra1.digitaloceanspaces.com\/wp-content\/uploads\/2022\/08\/logo-hospital-manacor.png","width":229,"height":57,"caption":"Hospital Manacor"},"image":{"@id":"https:\/\/ampliaciohospitalmanacor.com\/#\/schema\/logo\/image\/"}},{"@type":"Person","@id":"https:\/\/ampliaciohospitalmanacor.com\/#\/schema\/person\/c532bcfb39762ba7ca12d76c01ab67d2","name":"admin","image":{"@type":"ImageObject","inLanguage":"es","@id":"https:\/\/secure.gravatar.com\/avatar\/7f420c36c27802f08f56d92c14863baca90e32795bcfacf644d0abab83bd31b8?s=96&d=mm&r=g","url":"https:\/\/secure.gravatar.com\/avatar\/7f420c36c27802f08f56d92c14863baca90e32795bcfacf644d0abab83bd31b8?s=96&d=mm&r=g","contentUrl":"https:\/\/secure.gravatar.com\/avatar\/7f420c36c27802f08f56d92c14863baca90e32795bcfacf644d0abab83bd31b8?s=96&d=mm&r=g","caption":"admin"},"sameAs":["https:\/\/ampliaciohospitalmanacor.com"],"url":"https:\/\/ampliaciohospitalmanacor.com\/es\/author\/admin\/"}]}},"_links":{"self":[{"href":"https:\/\/ampliaciohospitalmanacor.com\/es\/wp-json\/wp\/v2\/posts\/1855","targetHints":{"allow":["GET"]}}],"collection":[{"href":"https:\/\/ampliaciohospitalmanacor.com\/es\/wp-json\/wp\/v2\/posts"}],"about":[{"href":"https:\/\/ampliaciohospitalmanacor.com\/es\/wp-json\/wp\/v2\/types\/post"}],"author":[{"embeddable":true,"href":"https:\/\/ampliaciohospitalmanacor.com\/es\/wp-json\/wp\/v2\/users\/1"}],"replies":[{"embeddable":true,"href":"https:\/\/ampliaciohospitalmanacor.com\/es\/wp-json\/wp\/v2\/comments?post=1855"}],"version-history":[{"count":3,"href":"https:\/\/ampliaciohospitalmanacor.com\/es\/wp-json\/wp\/v2\/posts\/1855\/revisions"}],"predecessor-version":[{"id":3122,"href":"https:\/\/ampliaciohospitalmanacor.com\/es\/wp-json\/wp\/v2\/posts\/1855\/revisions\/3122"}],"wp:featuredmedia":[{"embeddable":true,"href":"https:\/\/ampliaciohospitalmanacor.com\/es\/wp-json\/wp\/v2\/media\/1857"}],"wp:attachment":[{"href":"https:\/\/ampliaciohospitalmanacor.com\/es\/wp-json\/wp\/v2\/media?parent=1855"}],"wp:term":[{"taxonomy":"category","embeddable":true,"href":"https:\/\/ampliaciohospitalmanacor.com\/es\/wp-json\/wp\/v2\/categories?post=1855"},{"taxonomy":"post_tag","embeddable":true,"href":"https:\/\/ampliaciohospitalmanacor.com\/es\/wp-json\/wp\/v2\/tags?post=1855"}],"curies":[{"name":"wp","href":"https:\/\/api.w.org\/{rel}","templated":true}]}}