{"id":1741,"date":"2022-08-16T07:12:34","date_gmt":"2022-08-16T07:12:34","guid":{"rendered":"http:\/\/ampliaciohospitalmanacor.com\/?p=1741"},"modified":"2022-11-04T07:21:21","modified_gmt":"2022-11-04T07:21:21","slug":"lhospital-de-manacor-tindra-un-nou-edifici-dus-ambulatori-i-un-bloc-quirurgic-i-obstetric-totalment-reformat","status":"publish","type":"post","link":"https:\/\/ampliaciohospitalmanacor.com\/es\/2022\/08\/16\/lhospital-de-manacor-tindra-un-nou-edifici-dus-ambulatori-i-un-bloc-quirurgic-i-obstetric-totalment-reformat\/","title":{"rendered":"EL HOSPITAL DE MANACOR TENDR\u00c1 UN NUEVO EIDIFICIO DE USO AMBULATORIO Y UN BLOQUE QUIR\u00daRGICO Y OBST\u00c9TRICO TOTALMENTE REFORMADO"},"content":{"rendered":"\n<p>El Hospital de Manacor dispondr\u00e1 de un nuevo edificio de uso ambulatorio y de un bloque quir\u00fargico y obst\u00e9trico totalmente reformado. La empresa adjudicataria es OHLA y tiene un presupuesto de 59 millones de euros y un plazo de ejecuci\u00f3n de cuatro a\u00f1os. Este proyecto, as\u00ed lo prev\u00e9 el plan director del centro, cambiar\u00e1 su fisonom\u00eda, con tres actuaciones que suponen la ampliaci\u00f3n y reforma de cerca de 40.000 m\u00b2, beneficiar\u00e1 una poblaci\u00f3n de 150.000 personas.<\/p>\n\n\n\n<p>Una vez finalizadas las obras, el Hospital pasar\u00e1 a tener 53.445m2, m\u00e1s del doble de la superficie actual ( 24.531 m\u00b2).<\/p>\n\n\n\n<p>El proyecto b\u00e1sico y de ejecuci\u00f3n y direcci\u00f3n de obra de la reforma del centro hospitalario, que prev\u00e9 tres grandes actuaciones.<\/p>\n\n\n\n<p>La primera consiste en la construcci\u00f3n de un nuevo edificio, en forma de L y conectado al actual Hospital, que ser\u00e1 principalmente de uso ambulatorio; la segunda prev\u00e9 la construcci\u00f3n de un edificio industrial, que se convertir\u00e1 en una central de instalaciones y servicios generales; y la tercera actuaci\u00f3n se centra en el actual edificio, con una gran reforma interior \u2014a medida que se vayan liberando espacios\u2014 y la construcci\u00f3n de una nueva planta donde crecer\u00e1 el bloque quir\u00fargico y obst\u00e9trico.<\/p>\n\n\n\n<p>El proyecto se desarrollar\u00e1 de la manera siguiente:<\/p>\n\n\n\n<p>Nuevo edificio en forma de L (21.273 m\u00b2): es un edificio de nueva planta en forma de L, principalmente de uso ambulatorio, con dos s\u00f3tanos (para 280 aparcamientos), planta baja y tres plantas.<\/p>\n\n\n\n<p>Dado que la mayor\u00eda de los pacientes son externos y no necesitan acceder a los servicios internos del hospital se plantea un edificio independiente, que evitar\u00e1 la circulaci\u00f3n innecesaria de personas por el interior de este. No obstante, por el hecho que s\u00ed que hay una parte de los pacientes que no son ambulatorios, se plantea la forma de L para facilitar la conexi\u00f3n con \u00e1reas internas del Hospital.<\/p>\n\n\n\n<p>El edificio dispondr\u00e1 de un aparcamiento s\u00f3tano con 280 plazas (planta -1 y -2), dos servicios de uso ambulatorio, hemodi\u00e1lisis y rehabilitaci\u00f3n (planta baja), consultas externas y gabinetes de exploraci\u00f3n (primera y segunda planta) y hospital de d\u00eda m\u00e9dico oncol\u00f3gico (tercera planta, que tendr\u00e1 una conexi\u00f3n directa con el hospital actual).<\/p>\n\n\n\n<p>Edificio industrial para servicios generales (2.765 m\u00b2): se construye una nave que albergar\u00e1 las centrales de las instalaciones, mantenimiento y servicios generales.<\/p>\n\n\n\n<p>Es un edificio de tipo industrial, casi todo de nueva planta, donde se instalan todos los equipos para adecuarlos en las normativas vigentes y aumentar la capacidad para dar servicio en las nuevas \u00e1reas. La cocina se ubicar\u00e1 a la planta baja. As\u00ed mismo, se renovar\u00e1n y actualizar\u00e1n los equipos.<\/p>\n\n\n\n<p>Construcci\u00f3n de la nueva planta quir\u00fargica y reforma interior de espacios del actual edificio (14.226 m\u00b2: 4.586 de ampliaci\u00f3n y 9.640 de reforma): consiste principalmente en la reforma interior del actual Hospital y tambi\u00e9n en la construcci\u00f3n de una nueva planta donde se ampliar\u00e1 el bloque quir\u00fargico y obst\u00e9trico.<\/p>\n\n\n\n<p>Esta es la intervenci\u00f3n m\u00e1s compleja desde el punto de vista t\u00e9cnico, puesto que se tiene que hacer procurando interferir el menos posible en la actividad del centro hospitalario.<br><br>A la planta primera se llevar\u00e1 a cabo una remodelaci\u00f3n integral del bloque quir\u00fargico y obst\u00e9trico. Se transformar\u00e1 en cuatro salas de operaciones de cirug\u00eda mayor ambulatoria (CMA). As\u00ed pues, se dejar\u00e1 las de la tercera planta para cirug\u00eda programada.<\/p>\n\n\n\n<p>Junto al bloque de CMA se pondr\u00e1n boxes, el \u00e1rea de reanimaci\u00f3n y vestuarios de pacientes y \u00e1reas de recepci\u00f3n. Se ampl\u00eda tambi\u00e9n el bloque obst\u00e9trico y se ubica con buena conexi\u00f3n con el bloque quir\u00fargico.<br><br>A la tercera planta \u2014de nueva construcci\u00f3n\u2014 se construir\u00e1 un nuevo bloque quir\u00fargico: contar\u00e1 con siete salas de operaciones, una unidad de reanimaci\u00f3n (REA), catorce camas y una unidad de cuidados intensivos (UCI) con doce boxes.<\/p>\n","protected":false},"excerpt":{"rendered":"<p>El Hospital de Manacor dispondr\u00e1 de un nuevo edificio de uso ambulatorio y de un bloque quir\u00fargico y obst\u00e9trico totalmente reformado. La empresa adjudicataria es OHLA y tiene un presupuesto de 59 millones de euros y un plazo de ejecuci\u00f3n de cuatro a\u00f1os. Este proyecto, as\u00ed lo prev\u00e9 el plan director del centro, cambiar\u00e1 su [&hellip;]<\/p>\n","protected":false},"author":1,"featured_media":1649,"comment_status":"open","ping_status":"open","sticky":false,"template":"","format":"standard","meta":{"_monsterinsights_skip_tracking":false,"_monsterinsights_sitenote_active":false,"_monsterinsights_sitenote_note":"","_monsterinsights_sitenote_category":0,"footnotes":""},"categories":[1],"tags":[],"class_list":["post-1741","post","type-post","status-publish","format-standard","has-post-thumbnail","hentry","category-sin-categorizar"],"yoast_head":"<!-- This site is optimized with the Yoast SEO plugin v27.3 - https:\/\/yoast.com\/product\/yoast-seo-wordpress\/ -->\n<title>EL HOSPITAL DE MANACOR TENDR\u00c1 UN NUEVO EIDIFICIO DE USO AMBULATORIO Y UN BLOQUE QUIR\u00daRGICO Y OBST\u00c9TRICO TOTALMENTE REFORMADO - Hospital Manacor<\/title>\n<meta name=\"robots\" content=\"index, follow, max-snippet:-1, max-image-preview:large, max-video-preview:-1\" \/>\n<link rel=\"canonical\" href=\"https:\/\/ampliaciohospitalmanacor.com\/es\/2022\/08\/16\/lhospital-de-manacor-tindra-un-nou-edifici-dus-ambulatori-i-un-bloc-quirurgic-i-obstetric-totalment-reformat\/\" \/>\n<meta property=\"og:locale\" content=\"es_ES\" \/>\n<meta property=\"og:type\" content=\"article\" \/>\n<meta property=\"og:title\" content=\"EL HOSPITAL DE MANACOR TENDR\u00c1 UN NUEVO EIDIFICIO DE USO AMBULATORIO Y UN BLOQUE QUIR\u00daRGICO Y OBST\u00c9TRICO TOTALMENTE REFORMADO - Hospital Manacor\" \/>\n<meta property=\"og:description\" content=\"El Hospital de Manacor dispondr\u00e1 de un nuevo edificio de uso ambulatorio y de un bloque quir\u00fargico y obst\u00e9trico totalmente reformado. La empresa adjudicataria es OHLA y tiene un presupuesto de 59 millones de euros y un plazo de ejecuci\u00f3n de cuatro a\u00f1os. Este proyecto, as\u00ed lo prev\u00e9 el plan director del centro, cambiar\u00e1 su [&hellip;]\" \/>\n<meta property=\"og:url\" content=\"https:\/\/ampliaciohospitalmanacor.com\/es\/2022\/08\/16\/lhospital-de-manacor-tindra-un-nou-edifici-dus-ambulatori-i-un-bloc-quirurgic-i-obstetric-totalment-reformat\/\" \/>\n<meta property=\"og:site_name\" content=\"Hospital Manacor\" \/>\n<meta property=\"article:published_time\" content=\"2022-08-16T07:12:34+00:00\" \/>\n<meta property=\"article:modified_time\" content=\"2022-11-04T07:21:21+00:00\" \/>\n<meta property=\"og:image\" content=\"https:\/\/ampliaciohospitalmanacor.com\/wp-content\/uploads\/2022\/08\/Maqueta-1.jpg\" \/>\n\t<meta property=\"og:image:width\" content=\"965\" \/>\n\t<meta property=\"og:image:height\" content=\"502\" \/>\n\t<meta property=\"og:image:type\" content=\"image\/jpeg\" \/>\n<meta name=\"author\" content=\"admin\" \/>\n<meta name=\"twitter:card\" content=\"summary_large_image\" \/>\n<meta name=\"twitter:label1\" content=\"Escrito por\" \/>\n\t<meta name=\"twitter:data1\" content=\"admin\" \/>\n\t<meta name=\"twitter:label2\" content=\"Tiempo de lectura\" \/>\n\t<meta name=\"twitter:data2\" content=\"4 minutos\" \/>\n<script type=\"application\/ld+json\" class=\"yoast-schema-graph\">{\"@context\":\"https:\\\/\\\/schema.org\",\"@graph\":[{\"@type\":\"Article\",\"@id\":\"https:\\\/\\\/ampliaciohospitalmanacor.com\\\/es\\\/2022\\\/08\\\/16\\\/lhospital-de-manacor-tindra-un-nou-edifici-dus-ambulatori-i-un-bloc-quirurgic-i-obstetric-totalment-reformat\\\/#article\",\"isPartOf\":{\"@id\":\"https:\\\/\\\/ampliaciohospitalmanacor.com\\\/es\\\/2022\\\/08\\\/16\\\/lhospital-de-manacor-tindra-un-nou-edifici-dus-ambulatori-i-un-bloc-quirurgic-i-obstetric-totalment-reformat\\\/\"},\"author\":{\"name\":\"admin\",\"@id\":\"https:\\\/\\\/ampliaciohospitalmanacor.com\\\/#\\\/schema\\\/person\\\/c532bcfb39762ba7ca12d76c01ab67d2\"},\"headline\":\"EL HOSPITAL DE MANACOR TENDR\u00c1 UN NUEVO EIDIFICIO DE USO AMBULATORIO Y UN BLOQUE QUIR\u00daRGICO Y OBST\u00c9TRICO TOTALMENTE REFORMADO\",\"datePublished\":\"2022-08-16T07:12:34+00:00\",\"dateModified\":\"2022-11-04T07:21:21+00:00\",\"mainEntityOfPage\":{\"@id\":\"https:\\\/\\\/ampliaciohospitalmanacor.com\\\/es\\\/2022\\\/08\\\/16\\\/lhospital-de-manacor-tindra-un-nou-edifici-dus-ambulatori-i-un-bloc-quirurgic-i-obstetric-totalment-reformat\\\/\"},\"wordCount\":688,\"commentCount\":0,\"publisher\":{\"@id\":\"https:\\\/\\\/ampliaciohospitalmanacor.com\\\/#organization\"},\"image\":{\"@id\":\"https:\\\/\\\/ampliaciohospitalmanacor.com\\\/es\\\/2022\\\/08\\\/16\\\/lhospital-de-manacor-tindra-un-nou-edifici-dus-ambulatori-i-un-bloc-quirurgic-i-obstetric-totalment-reformat\\\/#primaryimage\"},\"thumbnailUrl\":\"https:\\\/\\\/ampliacio-hospital-manacor.fra1.digitaloceanspaces.com\\\/wp-content\\\/uploads\\\/2022\\\/08\\\/Maqueta-1.jpg\",\"articleSection\":[\"Sin categorizar\"],\"inLanguage\":\"es\",\"potentialAction\":[{\"@type\":\"CommentAction\",\"name\":\"Comment\",\"target\":[\"https:\\\/\\\/ampliaciohospitalmanacor.com\\\/es\\\/2022\\\/08\\\/16\\\/lhospital-de-manacor-tindra-un-nou-edifici-dus-ambulatori-i-un-bloc-quirurgic-i-obstetric-totalment-reformat\\\/#respond\"]}]},{\"@type\":\"WebPage\",\"@id\":\"https:\\\/\\\/ampliaciohospitalmanacor.com\\\/es\\\/2022\\\/08\\\/16\\\/lhospital-de-manacor-tindra-un-nou-edifici-dus-ambulatori-i-un-bloc-quirurgic-i-obstetric-totalment-reformat\\\/\",\"url\":\"https:\\\/\\\/ampliaciohospitalmanacor.com\\\/es\\\/2022\\\/08\\\/16\\\/lhospital-de-manacor-tindra-un-nou-edifici-dus-ambulatori-i-un-bloc-quirurgic-i-obstetric-totalment-reformat\\\/\",\"name\":\"EL HOSPITAL DE MANACOR TENDR\u00c1 UN NUEVO EIDIFICIO DE USO AMBULATORIO Y UN BLOQUE QUIR\u00daRGICO Y OBST\u00c9TRICO TOTALMENTE REFORMADO - Hospital Manacor\",\"isPartOf\":{\"@id\":\"https:\\\/\\\/ampliaciohospitalmanacor.com\\\/#website\"},\"primaryImageOfPage\":{\"@id\":\"https:\\\/\\\/ampliaciohospitalmanacor.com\\\/es\\\/2022\\\/08\\\/16\\\/lhospital-de-manacor-tindra-un-nou-edifici-dus-ambulatori-i-un-bloc-quirurgic-i-obstetric-totalment-reformat\\\/#primaryimage\"},\"image\":{\"@id\":\"https:\\\/\\\/ampliaciohospitalmanacor.com\\\/es\\\/2022\\\/08\\\/16\\\/lhospital-de-manacor-tindra-un-nou-edifici-dus-ambulatori-i-un-bloc-quirurgic-i-obstetric-totalment-reformat\\\/#primaryimage\"},\"thumbnailUrl\":\"https:\\\/\\\/ampliacio-hospital-manacor.fra1.digitaloceanspaces.com\\\/wp-content\\\/uploads\\\/2022\\\/08\\\/Maqueta-1.jpg\",\"datePublished\":\"2022-08-16T07:12:34+00:00\",\"dateModified\":\"2022-11-04T07:21:21+00:00\",\"breadcrumb\":{\"@id\":\"https:\\\/\\\/ampliaciohospitalmanacor.com\\\/es\\\/2022\\\/08\\\/16\\\/lhospital-de-manacor-tindra-un-nou-edifici-dus-ambulatori-i-un-bloc-quirurgic-i-obstetric-totalment-reformat\\\/#breadcrumb\"},\"inLanguage\":\"es\",\"potentialAction\":[{\"@type\":\"ReadAction\",\"target\":[\"https:\\\/\\\/ampliaciohospitalmanacor.com\\\/es\\\/2022\\\/08\\\/16\\\/lhospital-de-manacor-tindra-un-nou-edifici-dus-ambulatori-i-un-bloc-quirurgic-i-obstetric-totalment-reformat\\\/\"]}]},{\"@type\":\"ImageObject\",\"inLanguage\":\"es\",\"@id\":\"https:\\\/\\\/ampliaciohospitalmanacor.com\\\/es\\\/2022\\\/08\\\/16\\\/lhospital-de-manacor-tindra-un-nou-edifici-dus-ambulatori-i-un-bloc-quirurgic-i-obstetric-totalment-reformat\\\/#primaryimage\",\"url\":\"https:\\\/\\\/ampliacio-hospital-manacor.fra1.digitaloceanspaces.com\\\/wp-content\\\/uploads\\\/2022\\\/08\\\/Maqueta-1.jpg\",\"contentUrl\":\"https:\\\/\\\/ampliacio-hospital-manacor.fra1.digitaloceanspaces.com\\\/wp-content\\\/uploads\\\/2022\\\/08\\\/Maqueta-1.jpg\",\"width\":965,\"height\":502},{\"@type\":\"BreadcrumbList\",\"@id\":\"https:\\\/\\\/ampliaciohospitalmanacor.com\\\/es\\\/2022\\\/08\\\/16\\\/lhospital-de-manacor-tindra-un-nou-edifici-dus-ambulatori-i-un-bloc-quirurgic-i-obstetric-totalment-reformat\\\/#breadcrumb\",\"itemListElement\":[{\"@type\":\"ListItem\",\"position\":1,\"name\":\"Inici\",\"item\":\"https:\\\/\\\/ampliaciohospitalmanacor.com\\\/\"},{\"@type\":\"ListItem\",\"position\":2,\"name\":\"EL HOSPITAL DE MANACOR TENDR\u00c1 UN NUEVO EIDIFICIO DE USO AMBULATORIO Y UN BLOQUE QUIR\u00daRGICO Y OBST\u00c9TRICO TOTALMENTE REFORMADO\"}]},{\"@type\":\"WebSite\",\"@id\":\"https:\\\/\\\/ampliaciohospitalmanacor.com\\\/#website\",\"url\":\"https:\\\/\\\/ampliaciohospitalmanacor.com\\\/\",\"name\":\"Hospital Manacor\",\"description\":\"Otro sitio realizado con WordPress\",\"publisher\":{\"@id\":\"https:\\\/\\\/ampliaciohospitalmanacor.com\\\/#organization\"},\"potentialAction\":[{\"@type\":\"SearchAction\",\"target\":{\"@type\":\"EntryPoint\",\"urlTemplate\":\"https:\\\/\\\/ampliaciohospitalmanacor.com\\\/?s={search_term_string}\"},\"query-input\":{\"@type\":\"PropertyValueSpecification\",\"valueRequired\":true,\"valueName\":\"search_term_string\"}}],\"inLanguage\":\"es\"},{\"@type\":\"Organization\",\"@id\":\"https:\\\/\\\/ampliaciohospitalmanacor.com\\\/#organization\",\"name\":\"Hospital Manacor\",\"url\":\"https:\\\/\\\/ampliaciohospitalmanacor.com\\\/\",\"logo\":{\"@type\":\"ImageObject\",\"inLanguage\":\"es\",\"@id\":\"https:\\\/\\\/ampliaciohospitalmanacor.com\\\/#\\\/schema\\\/logo\\\/image\\\/\",\"url\":\"https:\\\/\\\/ampliacio-hospital-manacor.fra1.digitaloceanspaces.com\\\/wp-content\\\/uploads\\\/2022\\\/08\\\/logo-hospital-manacor.png\",\"contentUrl\":\"https:\\\/\\\/ampliacio-hospital-manacor.fra1.digitaloceanspaces.com\\\/wp-content\\\/uploads\\\/2022\\\/08\\\/logo-hospital-manacor.png\",\"width\":229,\"height\":57,\"caption\":\"Hospital Manacor\"},\"image\":{\"@id\":\"https:\\\/\\\/ampliaciohospitalmanacor.com\\\/#\\\/schema\\\/logo\\\/image\\\/\"}},{\"@type\":\"Person\",\"@id\":\"https:\\\/\\\/ampliaciohospitalmanacor.com\\\/#\\\/schema\\\/person\\\/c532bcfb39762ba7ca12d76c01ab67d2\",\"name\":\"admin\",\"image\":{\"@type\":\"ImageObject\",\"inLanguage\":\"es\",\"@id\":\"https:\\\/\\\/secure.gravatar.com\\\/avatar\\\/7f420c36c27802f08f56d92c14863baca90e32795bcfacf644d0abab83bd31b8?s=96&d=mm&r=g\",\"url\":\"https:\\\/\\\/secure.gravatar.com\\\/avatar\\\/7f420c36c27802f08f56d92c14863baca90e32795bcfacf644d0abab83bd31b8?s=96&d=mm&r=g\",\"contentUrl\":\"https:\\\/\\\/secure.gravatar.com\\\/avatar\\\/7f420c36c27802f08f56d92c14863baca90e32795bcfacf644d0abab83bd31b8?s=96&d=mm&r=g\",\"caption\":\"admin\"},\"sameAs\":[\"https:\\\/\\\/ampliaciohospitalmanacor.com\"],\"url\":\"https:\\\/\\\/ampliaciohospitalmanacor.com\\\/es\\\/author\\\/admin\\\/\"}]}<\/script>\n<!-- \/ Yoast SEO plugin. -->","yoast_head_json":{"title":"EL HOSPITAL DE MANACOR TENDR\u00c1 UN NUEVO EIDIFICIO DE USO AMBULATORIO Y UN BLOQUE QUIR\u00daRGICO Y OBST\u00c9TRICO TOTALMENTE REFORMADO - Hospital Manacor","robots":{"index":"index","follow":"follow","max-snippet":"max-snippet:-1","max-image-preview":"max-image-preview:large","max-video-preview":"max-video-preview:-1"},"canonical":"https:\/\/ampliaciohospitalmanacor.com\/es\/2022\/08\/16\/lhospital-de-manacor-tindra-un-nou-edifici-dus-ambulatori-i-un-bloc-quirurgic-i-obstetric-totalment-reformat\/","og_locale":"es_ES","og_type":"article","og_title":"EL HOSPITAL DE MANACOR TENDR\u00c1 UN NUEVO EIDIFICIO DE USO AMBULATORIO Y UN BLOQUE QUIR\u00daRGICO Y OBST\u00c9TRICO TOTALMENTE REFORMADO - Hospital Manacor","og_description":"El Hospital de Manacor dispondr\u00e1 de un nuevo edificio de uso ambulatorio y de un bloque quir\u00fargico y obst\u00e9trico totalmente reformado. La empresa adjudicataria es OHLA y tiene un presupuesto de 59 millones de euros y un plazo de ejecuci\u00f3n de cuatro a\u00f1os. Este proyecto, as\u00ed lo prev\u00e9 el plan director del centro, cambiar\u00e1 su [&hellip;]","og_url":"https:\/\/ampliaciohospitalmanacor.com\/es\/2022\/08\/16\/lhospital-de-manacor-tindra-un-nou-edifici-dus-ambulatori-i-un-bloc-quirurgic-i-obstetric-totalment-reformat\/","og_site_name":"Hospital Manacor","article_published_time":"2022-08-16T07:12:34+00:00","article_modified_time":"2022-11-04T07:21:21+00:00","og_image":[{"width":965,"height":502,"url":"https:\/\/ampliaciohospitalmanacor.com\/wp-content\/uploads\/2022\/08\/Maqueta-1.jpg","type":"image\/jpeg"}],"author":"admin","twitter_card":"summary_large_image","twitter_misc":{"Escrito por":"admin","Tiempo de lectura":"4 minutos"},"schema":{"@context":"https:\/\/schema.org","@graph":[{"@type":"Article","@id":"https:\/\/ampliaciohospitalmanacor.com\/es\/2022\/08\/16\/lhospital-de-manacor-tindra-un-nou-edifici-dus-ambulatori-i-un-bloc-quirurgic-i-obstetric-totalment-reformat\/#article","isPartOf":{"@id":"https:\/\/ampliaciohospitalmanacor.com\/es\/2022\/08\/16\/lhospital-de-manacor-tindra-un-nou-edifici-dus-ambulatori-i-un-bloc-quirurgic-i-obstetric-totalment-reformat\/"},"author":{"name":"admin","@id":"https:\/\/ampliaciohospitalmanacor.com\/#\/schema\/person\/c532bcfb39762ba7ca12d76c01ab67d2"},"headline":"EL HOSPITAL DE MANACOR TENDR\u00c1 UN NUEVO EIDIFICIO DE USO AMBULATORIO Y UN BLOQUE QUIR\u00daRGICO Y OBST\u00c9TRICO TOTALMENTE REFORMADO","datePublished":"2022-08-16T07:12:34+00:00","dateModified":"2022-11-04T07:21:21+00:00","mainEntityOfPage":{"@id":"https:\/\/ampliaciohospitalmanacor.com\/es\/2022\/08\/16\/lhospital-de-manacor-tindra-un-nou-edifici-dus-ambulatori-i-un-bloc-quirurgic-i-obstetric-totalment-reformat\/"},"wordCount":688,"commentCount":0,"publisher":{"@id":"https:\/\/ampliaciohospitalmanacor.com\/#organization"},"image":{"@id":"https:\/\/ampliaciohospitalmanacor.com\/es\/2022\/08\/16\/lhospital-de-manacor-tindra-un-nou-edifici-dus-ambulatori-i-un-bloc-quirurgic-i-obstetric-totalment-reformat\/#primaryimage"},"thumbnailUrl":"https:\/\/ampliacio-hospital-manacor.fra1.digitaloceanspaces.com\/wp-content\/uploads\/2022\/08\/Maqueta-1.jpg","articleSection":["Sin categorizar"],"inLanguage":"es","potentialAction":[{"@type":"CommentAction","name":"Comment","target":["https:\/\/ampliaciohospitalmanacor.com\/es\/2022\/08\/16\/lhospital-de-manacor-tindra-un-nou-edifici-dus-ambulatori-i-un-bloc-quirurgic-i-obstetric-totalment-reformat\/#respond"]}]},{"@type":"WebPage","@id":"https:\/\/ampliaciohospitalmanacor.com\/es\/2022\/08\/16\/lhospital-de-manacor-tindra-un-nou-edifici-dus-ambulatori-i-un-bloc-quirurgic-i-obstetric-totalment-reformat\/","url":"https:\/\/ampliaciohospitalmanacor.com\/es\/2022\/08\/16\/lhospital-de-manacor-tindra-un-nou-edifici-dus-ambulatori-i-un-bloc-quirurgic-i-obstetric-totalment-reformat\/","name":"EL HOSPITAL DE MANACOR TENDR\u00c1 UN NUEVO EIDIFICIO DE USO AMBULATORIO Y UN BLOQUE QUIR\u00daRGICO Y OBST\u00c9TRICO TOTALMENTE REFORMADO - Hospital Manacor","isPartOf":{"@id":"https:\/\/ampliaciohospitalmanacor.com\/#website"},"primaryImageOfPage":{"@id":"https:\/\/ampliaciohospitalmanacor.com\/es\/2022\/08\/16\/lhospital-de-manacor-tindra-un-nou-edifici-dus-ambulatori-i-un-bloc-quirurgic-i-obstetric-totalment-reformat\/#primaryimage"},"image":{"@id":"https:\/\/ampliaciohospitalmanacor.com\/es\/2022\/08\/16\/lhospital-de-manacor-tindra-un-nou-edifici-dus-ambulatori-i-un-bloc-quirurgic-i-obstetric-totalment-reformat\/#primaryimage"},"thumbnailUrl":"https:\/\/ampliacio-hospital-manacor.fra1.digitaloceanspaces.com\/wp-content\/uploads\/2022\/08\/Maqueta-1.jpg","datePublished":"2022-08-16T07:12:34+00:00","dateModified":"2022-11-04T07:21:21+00:00","breadcrumb":{"@id":"https:\/\/ampliaciohospitalmanacor.com\/es\/2022\/08\/16\/lhospital-de-manacor-tindra-un-nou-edifici-dus-ambulatori-i-un-bloc-quirurgic-i-obstetric-totalment-reformat\/#breadcrumb"},"inLanguage":"es","potentialAction":[{"@type":"ReadAction","target":["https:\/\/ampliaciohospitalmanacor.com\/es\/2022\/08\/16\/lhospital-de-manacor-tindra-un-nou-edifici-dus-ambulatori-i-un-bloc-quirurgic-i-obstetric-totalment-reformat\/"]}]},{"@type":"ImageObject","inLanguage":"es","@id":"https:\/\/ampliaciohospitalmanacor.com\/es\/2022\/08\/16\/lhospital-de-manacor-tindra-un-nou-edifici-dus-ambulatori-i-un-bloc-quirurgic-i-obstetric-totalment-reformat\/#primaryimage","url":"https:\/\/ampliacio-hospital-manacor.fra1.digitaloceanspaces.com\/wp-content\/uploads\/2022\/08\/Maqueta-1.jpg","contentUrl":"https:\/\/ampliacio-hospital-manacor.fra1.digitaloceanspaces.com\/wp-content\/uploads\/2022\/08\/Maqueta-1.jpg","width":965,"height":502},{"@type":"BreadcrumbList","@id":"https:\/\/ampliaciohospitalmanacor.com\/es\/2022\/08\/16\/lhospital-de-manacor-tindra-un-nou-edifici-dus-ambulatori-i-un-bloc-quirurgic-i-obstetric-totalment-reformat\/#breadcrumb","itemListElement":[{"@type":"ListItem","position":1,"name":"Inici","item":"https:\/\/ampliaciohospitalmanacor.com\/"},{"@type":"ListItem","position":2,"name":"EL HOSPITAL DE MANACOR TENDR\u00c1 UN NUEVO EIDIFICIO DE USO AMBULATORIO Y UN BLOQUE QUIR\u00daRGICO Y OBST\u00c9TRICO TOTALMENTE REFORMADO"}]},{"@type":"WebSite","@id":"https:\/\/ampliaciohospitalmanacor.com\/#website","url":"https:\/\/ampliaciohospitalmanacor.com\/","name":"Hospital Manacor","description":"Otro sitio realizado con WordPress","publisher":{"@id":"https:\/\/ampliaciohospitalmanacor.com\/#organization"},"potentialAction":[{"@type":"SearchAction","target":{"@type":"EntryPoint","urlTemplate":"https:\/\/ampliaciohospitalmanacor.com\/?s={search_term_string}"},"query-input":{"@type":"PropertyValueSpecification","valueRequired":true,"valueName":"search_term_string"}}],"inLanguage":"es"},{"@type":"Organization","@id":"https:\/\/ampliaciohospitalmanacor.com\/#organization","name":"Hospital Manacor","url":"https:\/\/ampliaciohospitalmanacor.com\/","logo":{"@type":"ImageObject","inLanguage":"es","@id":"https:\/\/ampliaciohospitalmanacor.com\/#\/schema\/logo\/image\/","url":"https:\/\/ampliacio-hospital-manacor.fra1.digitaloceanspaces.com\/wp-content\/uploads\/2022\/08\/logo-hospital-manacor.png","contentUrl":"https:\/\/ampliacio-hospital-manacor.fra1.digitaloceanspaces.com\/wp-content\/uploads\/2022\/08\/logo-hospital-manacor.png","width":229,"height":57,"caption":"Hospital Manacor"},"image":{"@id":"https:\/\/ampliaciohospitalmanacor.com\/#\/schema\/logo\/image\/"}},{"@type":"Person","@id":"https:\/\/ampliaciohospitalmanacor.com\/#\/schema\/person\/c532bcfb39762ba7ca12d76c01ab67d2","name":"admin","image":{"@type":"ImageObject","inLanguage":"es","@id":"https:\/\/secure.gravatar.com\/avatar\/7f420c36c27802f08f56d92c14863baca90e32795bcfacf644d0abab83bd31b8?s=96&d=mm&r=g","url":"https:\/\/secure.gravatar.com\/avatar\/7f420c36c27802f08f56d92c14863baca90e32795bcfacf644d0abab83bd31b8?s=96&d=mm&r=g","contentUrl":"https:\/\/secure.gravatar.com\/avatar\/7f420c36c27802f08f56d92c14863baca90e32795bcfacf644d0abab83bd31b8?s=96&d=mm&r=g","caption":"admin"},"sameAs":["https:\/\/ampliaciohospitalmanacor.com"],"url":"https:\/\/ampliaciohospitalmanacor.com\/es\/author\/admin\/"}]}},"_links":{"self":[{"href":"https:\/\/ampliaciohospitalmanacor.com\/es\/wp-json\/wp\/v2\/posts\/1741","targetHints":{"allow":["GET"]}}],"collection":[{"href":"https:\/\/ampliaciohospitalmanacor.com\/es\/wp-json\/wp\/v2\/posts"}],"about":[{"href":"https:\/\/ampliaciohospitalmanacor.com\/es\/wp-json\/wp\/v2\/types\/post"}],"author":[{"embeddable":true,"href":"https:\/\/ampliaciohospitalmanacor.com\/es\/wp-json\/wp\/v2\/users\/1"}],"replies":[{"embeddable":true,"href":"https:\/\/ampliaciohospitalmanacor.com\/es\/wp-json\/wp\/v2\/comments?post=1741"}],"version-history":[{"count":5,"href":"https:\/\/ampliaciohospitalmanacor.com\/es\/wp-json\/wp\/v2\/posts\/1741\/revisions"}],"predecessor-version":[{"id":3124,"href":"https:\/\/ampliaciohospitalmanacor.com\/es\/wp-json\/wp\/v2\/posts\/1741\/revisions\/3124"}],"wp:featuredmedia":[{"embeddable":true,"href":"https:\/\/ampliaciohospitalmanacor.com\/es\/wp-json\/wp\/v2\/media\/1649"}],"wp:attachment":[{"href":"https:\/\/ampliaciohospitalmanacor.com\/es\/wp-json\/wp\/v2\/media?parent=1741"}],"wp:term":[{"taxonomy":"category","embeddable":true,"href":"https:\/\/ampliaciohospitalmanacor.com\/es\/wp-json\/wp\/v2\/categories?post=1741"},{"taxonomy":"post_tag","embeddable":true,"href":"https:\/\/ampliaciohospitalmanacor.com\/es\/wp-json\/wp\/v2\/tags?post=1741"}],"curies":[{"name":"wp","href":"https:\/\/api.w.org\/{rel}","templated":true}]}}